{"id":168,"date":"2017-12-29T10:38:06","date_gmt":"2017-12-29T10:38:06","guid":{"rendered":"http:\/\/david-g.com\/blog\/?p=168"},"modified":"2019-08-03T22:33:41","modified_gmt":"2019-08-03T22:33:41","slug":"fotografia-artistica-gregory-crewdson-y-jeff-wall","status":"publish","type":"post","link":"https:\/\/david-g.com\/blog\/2017\/12\/29\/fotografia-artistica-gregory-crewdson-y-jeff-wall\/","title":{"rendered":"Fotograf\u00eda art\u00edstica: Gregory Crewdson y Jeff Wall"},"content":{"rendered":"<h2>La fotograf\u00eda escenificada y el instante decisivo<\/h2>\n<p>S\u00ed, hay artistas que han seguido las ense\u00f1anzas de <strong>Henri Cartier-Bresson<\/strong>, pero a su manera. Aunque el fot\u00f3grafo franc\u00e9s siempre renegara de ese <strong>\u201cinstante decisivo\u201d<\/strong> que le acompa\u00f1\u00f3 toda su vida, hay que reconocer que ese don de saber captar un momento donde algo especial ocurre, es precisamente una de las caracter\u00edsticas m\u00e1s importantes de la fotograf\u00eda.<\/p>\n<p>La c\u00e1mara es capaz de aislar y engrandecer el tiempo y el espacio que queda alojado entre las cuatro paredes de su interior. Eso s\u00ed, si quien se la coloca sobre el cuello es un verdadero genio como Cartier-Bresson, las posibilidades se convierten en casi infinitas, como infinitos son los momentos decisivos, m\u00e1s o menos nimios, sobre los que giran la existencia humana. Un momento que queda congelado, detenido, y al que el espectador debe dar sentido.<\/p>\n<p>Y existen fot\u00f3grafos que a diferencia del momento decisivo espont\u00e1neo de Cartier-Bresson, han creado ese momento de manera preparada, calculada y en algunos casos concienzudamente conceptualizada. Dos de ellos son <strong>Gregory Crewdson y Jeff Wall<\/strong>. Dos fot\u00f3grafos t\u00e9cnica y est\u00e9ticamente muy diferentes, pero que comparten esa misma forma de afrontar el arte visual.<\/p>\n<h3>Gregory Crewdson, entre el cine y Edward Hopper<\/h3>\n<p>De <em>Gregory Crewdson\u00a0<\/em>es f\u00e1cil reconocer sus fotograf\u00edas con un acabado perfecto, fruto de una intensa planificaci\u00f3n y un gran equipo de producci\u00f3n. Sus im\u00e1genes se presentan con la sensaci\u00f3n de ser un fotograma aislado de una pel\u00edcula, donde todo es preciso, estudiado, y con una iluminaci\u00f3n impoluta.<\/p>\n<figure id=\"attachment_171\" aria-describedby=\"caption-attachment-171\" style=\"width: 1000px\" class=\"wp-caption alignnone\"><img loading=\"lazy\" class=\"size-full wp-image-171\" src=\"http:\/\/david-g.com\/blog\/wp-content\/uploads\/2017\/12\/fotografia-artistica-gregory-crewdson-02.jpg\" alt=\"Fotograf\u00eda de Gregory Crewdson\" width=\"1000\" height=\"563\" srcset=\"https:\/\/david-g.com\/blog\/wp-content\/uploads\/2017\/12\/fotografia-artistica-gregory-crewdson-02.jpg 1000w, https:\/\/david-g.com\/blog\/wp-content\/uploads\/2017\/12\/fotografia-artistica-gregory-crewdson-02-300x169.jpg 300w, https:\/\/david-g.com\/blog\/wp-content\/uploads\/2017\/12\/fotografia-artistica-gregory-crewdson-02-768x432.jpg 768w\" sizes=\"(max-width: 1000px) 100vw, 1000px\" \/><figcaption id=\"caption-attachment-171\" class=\"wp-caption-text\">\u00a9 Gregory Crewdson,&#8217;Untitled (Penitent Daughter)&#8217;, 2001<\/figcaption><\/figure>\n<p>Pero, tras esa fachaza est\u00e9ticamente bella, encontramos soledad, angustias, miedos, en unos protagonistas que se muestran aislados de su entorno, formando parte de una sociedad moderna cada vez m\u00e1s interconectada y abierta, pero con los mismos vac\u00edos que han acechado al ser humano desde siempre. En ese sentido, Crewdson sigue la estela de otros grandes artistas norteamericanos, encargados de mostrarnos la otra cara del sue\u00f1o americano, en la m\u00e1s honda tradici\u00f3n autoflagelativa de la que se han mostrado muy capaces en Estados Unidos.<\/p>\n<figure id=\"attachment_172\" aria-describedby=\"caption-attachment-172\" style=\"width: 1000px\" class=\"wp-caption alignnone\"><img loading=\"lazy\" class=\"size-full wp-image-172\" src=\"http:\/\/david-g.com\/blog\/wp-content\/uploads\/2017\/12\/fotografia-artistica-gregory-crewdson-03.jpg\" alt=\"Fotograf\u00eda de Gregory Crewdson\" width=\"1000\" height=\"747\" srcset=\"https:\/\/david-g.com\/blog\/wp-content\/uploads\/2017\/12\/fotografia-artistica-gregory-crewdson-03.jpg 1000w, https:\/\/david-g.com\/blog\/wp-content\/uploads\/2017\/12\/fotografia-artistica-gregory-crewdson-03-300x224.jpg 300w, https:\/\/david-g.com\/blog\/wp-content\/uploads\/2017\/12\/fotografia-artistica-gregory-crewdson-03-768x574.jpg 768w\" sizes=\"(max-width: 1000px) 100vw, 1000px\" \/><figcaption id=\"caption-attachment-172\" class=\"wp-caption-text\">\u00a9 Gregory Crewdson,&#8217;The Disturbance&#8217;, 2014<\/figcaption><\/figure>\n<p>Visualmente, las fotograf\u00edas enlazan con muchas de las pinturas de <strong>Edward Hopper<\/strong>, un gran cronista de la sociedad de su tiempo 80 a\u00f1os atr\u00e1s, con el que comparte una enorme similitud en los ambientes, los protagonistas y el gusto por las luces escogidas y selectivas. Y, al igual que esos cuadros \u201ctan fotogr\u00e1ficos\u201d de Hopper, Crewdson a\u00edsla un momento concreto, fijo, dejando la interpretaci\u00f3n abierta al espectador, que debe participar en su lectura, elaborando un antes y un despu\u00e9s que la imagen est\u00e1tica no es capaz de mostrarnos.<\/p>\n<h3>Jeff Wall, el artista de las mil capas<\/h3>\n<p>Y cruzando la frontera de Estados Unidos, nos vamos a Canad\u00e1, donde reside <strong>Jeff Wall<\/strong>, abanderado de la fotograf\u00eda m\u00e1s conceptual. Al igual que Crewdson, sus fotograf\u00edas est\u00e1n perfectamente estudiadas y planificadas, pero la est\u00e9tica es diferente. La escenograf\u00eda visual y la iluminaci\u00f3n no se inspira tanto en el cine como en la fotograf\u00eda m\u00e1s casual, aunque en muchos de sus trabajos recurre de igual manera a la posproducci\u00f3n digital.<\/p>\n<p>Nada es dejado al azar, y todo en las im\u00e1genes de Wall son piezas colocadas y ensambladas que se funden para proporcionar al espectador las herramientas imprescindibles para su perfecto entendimiento. No se puede decir que comprender estas piezas sea en ocasiones sencillo, ya que tras ellas hay un trasfondo social, hist\u00f3rico y pol\u00edtico, que es necesario conocer para desentra\u00f1arlas correctamente.<\/p>\n<p>Presentadas sus im\u00e1genes en grandes cajas de transparencias retroalimentadas, Wall recoge el testigo de grandes pintores del siglo XIX, como <em>Delacroix y Manet<\/em>, entre otros, de los que recrea alguna de sus obras, y en otras encontramos puntos de uni\u00f3n. Recoge una tradici\u00f3n simb\u00f3lica e iconogr\u00e1fica de la historia del arte, adapt\u00e1ndola a los problemas y contradicciones de la sociedad actual.<\/p>\n<p>Por ejemplo, en su obra \u201cMimic\u201d, recrea un conflicto racial del que fue testigo en las calles de Vancouver. Para ello, inspirado por la fotograf\u00eda de calle de <em>Garry Winogrand<\/em> o <em>Robert Frank<\/em>, utiliza unos actores no profesionales, situados en un escenario real, a los que retrata de una manera est\u00e9tica casual y espont\u00e1nea. El hombres de origen asi\u00e1tico, que por su forma de vestir parece pertenecer a una clase superior a los otros dos protagonistas de la escena, recibe un gesto racista por parte del hombre blanco, que es captado en ese preciso instante.<\/p>\n<figure id=\"attachment_174\" aria-describedby=\"caption-attachment-174\" style=\"width: 1000px\" class=\"wp-caption alignnone\"><img loading=\"lazy\" class=\"size-full wp-image-174\" src=\"http:\/\/david-g.com\/blog\/wp-content\/uploads\/2017\/12\/fotografia-jeff-wall-mimic.jpg\" alt=\"Fotograf\u00eda de Jeff Wall\" width=\"1000\" height=\"877\" srcset=\"https:\/\/david-g.com\/blog\/wp-content\/uploads\/2017\/12\/fotografia-jeff-wall-mimic.jpg 1000w, https:\/\/david-g.com\/blog\/wp-content\/uploads\/2017\/12\/fotografia-jeff-wall-mimic-300x263.jpg 300w, https:\/\/david-g.com\/blog\/wp-content\/uploads\/2017\/12\/fotografia-jeff-wall-mimic-768x674.jpg 768w\" sizes=\"(max-width: 1000px) 100vw, 1000px\" \/><figcaption id=\"caption-attachment-174\" class=\"wp-caption-text\">\u00a9 Jeff Wall, &#8216;Mimic&#8217;, 1982<\/figcaption><\/figure>\n<p>En &#8216;Picture for a woman&#8217;, inspirado en la pintura de<strong> Edouard Monet<\/strong>, <em>El bar en Follies-Berg\u00e8re<\/em>, unas figuras se reflejan en un espejo, la modelo y el propio Jeff Wall. En el centro, en el punto de fuga de la imagen, podemos ver la c\u00e1mara, que es accionada por el artista mediante un cable disparador. Los otros elementos situados en la escena, como las bombillas, otorgan a la imagen una enorme profundidad de campo y sensaci\u00f3n espacial.<\/p>\n<figure id=\"attachment_175\" aria-describedby=\"caption-attachment-175\" style=\"width: 1000px\" class=\"wp-caption alignnone\"><img loading=\"lazy\" class=\"size-full wp-image-175\" src=\"http:\/\/david-g.com\/blog\/wp-content\/uploads\/2017\/12\/jeff-wall-picture-for-women.jpg\" alt=\"Fotograf\u00eda de Jeff Wall\" width=\"1000\" height=\"698\" srcset=\"https:\/\/david-g.com\/blog\/wp-content\/uploads\/2017\/12\/jeff-wall-picture-for-women.jpg 1000w, https:\/\/david-g.com\/blog\/wp-content\/uploads\/2017\/12\/jeff-wall-picture-for-women-300x209.jpg 300w, https:\/\/david-g.com\/blog\/wp-content\/uploads\/2017\/12\/jeff-wall-picture-for-women-768x536.jpg 768w\" sizes=\"(max-width: 1000px) 100vw, 1000px\" \/><figcaption id=\"caption-attachment-175\" class=\"wp-caption-text\">\u00a9 Jeff Wall, &#8216;The Picture for Women&#8217;, 1979<\/figcaption><\/figure>\n<p>La relaci\u00f3n de poder tradicional en el arte, en el que la mirada masculina se posa sobre el cuerpo femenino, en este caso se ve alterado por la mirada de la mujer, que se dirige hacia el espectador y hacia Wall, mientras permanece de espaldas al artista.<\/p>\n<hr \/>\n<p>En pr\u00f3ximos art\u00edculos, toda mi experiencia como <a href=\"http:\/\/fotografoempresas.com\/fotografo-moda-madrid\/\" target=\"_blank\" rel=\"noopener\">Fot\u00f3grafo de Moda en Madrid<\/a>.<\/p>\n<!-- Begin Yuzo --><div class='yuzo_related_post style-1'  data-version='5.12.71'><div class='yuzo_clearfixed yuzo__title yuzo__title'><h3>Entradas relacionadas<\/h3><\/div>\n\t\t\t\t\t\t  <div class=\"relatedthumb \" style=\"width:195px;float:left;overflow:hidden;\">  \n\t\t\t\t\t\t\t  \n\t\t\t\t\t\t\t  <a  href=\"https:\/\/david-g.com\/blog\/2017\/12\/28\/fotografias-rey-felipe-vi-de-borbon-coronacion\/\"  >\n\t\t\t\t\t\t\t\t\t  <div class=\"yuzo-img-wrap \" style=\"width: 195px;height:160px;\">\n\t\t\t\t\t\t\t\t\t\t\n\t\t\t\t\t\t\t\t\t\t<div class=\"yuzo-img\" style=\"background:url('https:\/\/david-g.com\/blog\/wp-content\/uploads\/2017\/12\/fotografia-coronacion-felipe-vi-letizia-ortiz-01-150x150.jpg') 50% 50% no-repeat;width: 195px;height:160px;margin-bottom: 5px;background-size: cover; \"><\/div>\n\t\t\t\t\t\t\t\t\t  <\/div>\n\t\t\t\t\t\t\t\t\t  \n\t\t\t\t\t\t\t\t   <span class=\"yuzo__text--title\" style=\"font-size:13px;\">Fotograf\u00edas del Rey Felipe VI: Su coronaci\u00f3n<\/span>\n\t\t\t\t\t\t\t  \n\t\t\t\t\t\t\t  \n\t\t\t\t\t\t\t  <\/a>\n\n\t\t\t\t\t\t  <\/div>\n\t\t\t\t\t\t  <div class=\"relatedthumb \" style=\"width:195px;float:left;overflow:hidden;\">  \n\t\t\t\t\t\t\t  \n\t\t\t\t\t\t\t  <a  href=\"https:\/\/david-g.com\/blog\/2018\/01\/04\/sebastiao-salgado-fotoperiodismo-reagan\/\"  >\n\t\t\t\t\t\t\t\t\t  <div class=\"yuzo-img-wrap \" style=\"width: 195px;height:160px;\">\n\t\t\t\t\t\t\t\t\t\t\n\t\t\t\t\t\t\t\t\t\t<div class=\"yuzo-img\" style=\"background:url('https:\/\/david-g.com\/blog\/wp-content\/uploads\/2018\/01\/02-Sebasti\u00e3o-Salgado-1024x682-150x150.jpg') 50% 50% no-repeat;width: 195px;height:160px;margin-bottom: 5px;background-size: cover; \"><\/div>\n\t\t\t\t\t\t\t\t\t  <\/div>\n\t\t\t\t\t\t\t\t\t  \n\t\t\t\t\t\t\t\t   <span class=\"yuzo__text--title\" style=\"font-size:13px;\">Sebasti\u00e3o Salgado, Ronald Reagan y la profesi\u00f3n de fot\u00f3grafo<\/span>\n\t\t\t\t\t\t\t  \n\t\t\t\t\t\t\t  \n\t\t\t\t\t\t\t  <\/a>\n\n\t\t\t\t\t\t  <\/div>\n\t\t\t\t\t\t  <div class=\"relatedthumb \" style=\"width:195px;float:left;overflow:hidden;\">  \n\t\t\t\t\t\t\t  \n\t\t\t\t\t\t\t  <a  href=\"https:\/\/david-g.com\/blog\/2018\/02\/16\/fotografias-interior-reportaje-biblioteca-nacional\/\"  >\n\t\t\t\t\t\t\t\t\t  <div class=\"yuzo-img-wrap \" style=\"width: 195px;height:160px;\">\n\t\t\t\t\t\t\t\t\t\t\n\t\t\t\t\t\t\t\t\t\t<div class=\"yuzo-img\" style=\"background:url('https:\/\/david-g.com\/blog\/wp-content\/uploads\/2018\/02\/fotografia-biblioteca-nacional-01-150x150.jpg') 50% 50% no-repeat;width: 195px;height:160px;margin-bottom: 5px;background-size: cover; \"><\/div>\n\t\t\t\t\t\t\t\t\t  <\/div>\n\t\t\t\t\t\t\t\t\t  \n\t\t\t\t\t\t\t\t   <span class=\"yuzo__text--title\" style=\"font-size:13px;\">Fotograf\u00edas de interior y reportaje en la Biblioteca Nacional de Espa\u00f1a<\/span>\n\t\t\t\t\t\t\t  \n\t\t\t\t\t\t\t  \n\t\t\t\t\t\t\t  <\/a>\n\n\t\t\t\t\t\t  <\/div>\n\t\t\t\t\t\t  <div class=\"relatedthumb \" style=\"width:195px;float:left;overflow:hidden;\">  \n\t\t\t\t\t\t\t  \n\t\t\t\t\t\t\t  <a  href=\"https:\/\/david-g.com\/blog\/2018\/02\/02\/truman-capote-fotografias\/\"  >\n\t\t\t\t\t\t\t\t\t  <div class=\"yuzo-img-wrap \" style=\"width: 195px;height:160px;\">\n\t\t\t\t\t\t\t\t\t\t\n\t\t\t\t\t\t\t\t\t\t<div class=\"yuzo-img\" style=\"background:url('https:\/\/david-g.com\/blog\/wp-content\/uploads\/2018\/02\/truman-capote-richard-avedon-photograph-1955-150x150.jpg') 50% 50% no-repeat;width: 195px;height:160px;margin-bottom: 5px;background-size: cover; \"><\/div>\n\t\t\t\t\t\t\t\t\t  <\/div>\n\t\t\t\t\t\t\t\t\t  \n\t\t\t\t\t\t\t\t   <span class=\"yuzo__text--title\" style=\"font-size:13px;\">Truman Capote, maestros de la fotograf\u00eda al servicio del escritor<\/span>\n\t\t\t\t\t\t\t  \n\t\t\t\t\t\t\t  \n\t\t\t\t\t\t\t  <\/a>\n\n\t\t\t\t\t\t  <\/div>\n<\/div> <style>\n\t\t\t\t\t\t\t\t.yuzo_related_post img{width:190px !important; height:180px !important;}\n\t\t\t\t\t\t\t\t.yuzo_related_post .relatedthumb{line-height:15px;background: !important;color:!important;}\n\t\t\t\t\t\t\t\t.yuzo_related_post .relatedthumb:hover{background:#fcfcf4 !important; -webkit-transition: background 0.2s linear; -moz-transition: background 0.2s linear; -o-transition: background 0.2s linear; transition: background 0.2s linear;;color:!important;}\n\t\t\t\t\t\t\t\t.yuzo_related_post .relatedthumb a{color:#3d3d3d!important;}\n\t\t\t\t\t\t\t\t.yuzo_related_post .relatedthumb a:hover{ color:}!important;}\n\t\t\t\t\t\t\t\t.yuzo_related_post .relatedthumb:hover a{ color:!important;}\n\t\t\t\t\t\t\t\t.yuzo_related_post .yuzo_text {color:!important;}\n\t\t\t\t\t\t\t\t.yuzo_related_post .relatedthumb:hover .yuzo_text {color:!important;}\n\t\t\t\t\t\t\t\t.yuzo_related_post .relatedthumb{  margin: 0px  0px  0px  0px;   padding: 5px  5px  5px  5px;  }\n\t\t\t\t\t\t\t\t\n\t\t\t\t\t\t\t\t<\/style> <script>\n\t\t\t\t\t\t  jQuery(document).ready(function( $ ){\n\t\t\t\t\t\t\t\/\/jQuery('.yuzo_related_post').equalizer({ overflow : 'relatedthumb' });\n\t\t\t\t\t\t\tjQuery('.yuzo_related_post .yuzo_wraps').equalizer({ columns : '> div' });\n\t\t\t\t\t\t   })\n\t\t\t\t\t\t  <\/script> <!-- End Yuzo :) -->","protected":false},"excerpt":{"rendered":"<p>La fotograf\u00eda escenificada y el instante decisivo S\u00ed, hay artistas que han seguido las ense\u00f1anzas de Henri Cartier-Bresson, pero a su manera. Aunque el fot\u00f3grafo franc\u00e9s siempre renegara de ese \u201cinstante decisivo\u201d que le acompa\u00f1\u00f3 toda su vida, hay que reconocer que ese don de saber captar un momento donde algo especial ocurre, es precisamente &hellip; <\/p>\n","protected":false},"author":1,"featured_media":169,"comment_status":"open","ping_status":"open","sticky":false,"template":"","format":"standard","meta":{"_monsterinsights_skip_tracking":false,"_monsterinsights_sitenote_active":false,"_monsterinsights_sitenote_note":"","_monsterinsights_sitenote_category":0},"categories":[20,22,21],"tags":[24,14,23],"yoast_head":"<!-- This site is optimized with the Yoast SEO plugin v16.5 - https:\/\/yoast.com\/wordpress\/plugins\/seo\/ -->\n<title>Dos genios de la fotograf\u00eda art\u00edstica: Gregory Crewdson y Jeff Wall<\/title>\n<meta name=\"description\" content=\"Gregory Crewdson y Jeff Wall son dos fot\u00f3grafos que todos debemos conocer. Sus obras son maravillosamente preparadas y cuidadas. Entra y desc\u00fabrelos.\" \/>\n<meta name=\"robots\" content=\"index, follow, max-snippet:-1, max-image-preview:large, max-video-preview:-1\" \/>\n<link rel=\"canonical\" href=\"https:\/\/david-g.com\/blog\/2017\/12\/29\/fotografia-artistica-gregory-crewdson-y-jeff-wall\/\" \/>\n<meta property=\"og:locale\" content=\"es_ES\" \/>\n<meta property=\"og:type\" content=\"article\" \/>\n<meta property=\"og:title\" content=\"Dos genios de la fotograf\u00eda art\u00edstica: Gregory Crewdson y Jeff Wall\" \/>\n<meta property=\"og:description\" content=\"Gregory Crewdson y Jeff Wall son dos fot\u00f3grafos que todos debemos conocer. Sus obras son maravillosamente preparadas y cuidadas. Entra y desc\u00fabrelos.\" \/>\n<meta property=\"og:url\" content=\"https:\/\/david-g.com\/blog\/2017\/12\/29\/fotografia-artistica-gregory-crewdson-y-jeff-wall\/\" \/>\n<meta property=\"og:site_name\" content=\"DAVID GARC\u00cdA-AMAYA\" \/>\n<meta property=\"article:published_time\" content=\"2017-12-29T10:38:06+00:00\" \/>\n<meta property=\"article:modified_time\" content=\"2019-08-03T22:33:41+00:00\" \/>\n<meta property=\"og:image\" content=\"https:\/\/david-g.com\/blog\/wp-content\/uploads\/2017\/12\/fotografia-artistica-gregory-crewdson-01.jpg\" \/>\n\t<meta property=\"og:image:width\" content=\"1000\" \/>\n\t<meta property=\"og:image:height\" content=\"744\" \/>\n<meta name=\"twitter:card\" content=\"summary_large_image\" \/>\n<meta name=\"twitter:label1\" content=\"Tiempo de lectura\" \/>\n\t<meta name=\"twitter:data1\" content=\"5 minutos\" \/>\n<script type=\"application\/ld+json\" class=\"yoast-schema-graph\">{\"@context\":\"https:\/\/schema.org\",\"@graph\":[{\"@type\":\"WebSite\",\"@id\":\"https:\/\/david-g.com\/blog\/#website\",\"url\":\"https:\/\/david-g.com\/blog\/\",\"name\":\"DAVID GARC\\u00cdA-AMAYA\",\"description\":\"Blog | Fot\\u00f3grafo profesional editorial y corporativo | Madrid\",\"potentialAction\":[{\"@type\":\"SearchAction\",\"target\":\"https:\/\/david-g.com\/blog\/?s={search_term_string}\",\"query-input\":\"required name=search_term_string\"}],\"inLanguage\":\"es\"},{\"@type\":\"ImageObject\",\"@id\":\"https:\/\/david-g.com\/blog\/2017\/12\/29\/fotografia-artistica-gregory-crewdson-y-jeff-wall\/#primaryimage\",\"inLanguage\":\"es\",\"url\":\"https:\/\/david-g.com\/blog\/wp-content\/uploads\/2017\/12\/fotografia-artistica-gregory-crewdson-01.jpg\",\"contentUrl\":\"https:\/\/david-g.com\/blog\/wp-content\/uploads\/2017\/12\/fotografia-artistica-gregory-crewdson-01.jpg\",\"width\":1000,\"height\":744,\"caption\":\"\\u00a9 Gregory Crewdson, 'The Basement', 2014.\"},{\"@type\":\"WebPage\",\"@id\":\"https:\/\/david-g.com\/blog\/2017\/12\/29\/fotografia-artistica-gregory-crewdson-y-jeff-wall\/#webpage\",\"url\":\"https:\/\/david-g.com\/blog\/2017\/12\/29\/fotografia-artistica-gregory-crewdson-y-jeff-wall\/\",\"name\":\"Dos genios de la fotograf\\u00eda art\\u00edstica: Gregory Crewdson y Jeff Wall\",\"isPartOf\":{\"@id\":\"https:\/\/david-g.com\/blog\/#website\"},\"primaryImageOfPage\":{\"@id\":\"https:\/\/david-g.com\/blog\/2017\/12\/29\/fotografia-artistica-gregory-crewdson-y-jeff-wall\/#primaryimage\"},\"datePublished\":\"2017-12-29T10:38:06+00:00\",\"dateModified\":\"2019-08-03T22:33:41+00:00\",\"author\":{\"@id\":\"https:\/\/david-g.com\/blog\/#\/schema\/person\/cabcc9001e2f1b6c5af01720b333aeed\"},\"description\":\"Gregory Crewdson y Jeff Wall son dos fot\\u00f3grafos que todos debemos conocer. Sus obras son maravillosamente preparadas y cuidadas. Entra y desc\\u00fabrelos.\",\"breadcrumb\":{\"@id\":\"https:\/\/david-g.com\/blog\/2017\/12\/29\/fotografia-artistica-gregory-crewdson-y-jeff-wall\/#breadcrumb\"},\"inLanguage\":\"es\",\"potentialAction\":[{\"@type\":\"ReadAction\",\"target\":[\"https:\/\/david-g.com\/blog\/2017\/12\/29\/fotografia-artistica-gregory-crewdson-y-jeff-wall\/\"]}]},{\"@type\":\"BreadcrumbList\",\"@id\":\"https:\/\/david-g.com\/blog\/2017\/12\/29\/fotografia-artistica-gregory-crewdson-y-jeff-wall\/#breadcrumb\",\"itemListElement\":[{\"@type\":\"ListItem\",\"position\":1,\"name\":\"Portada\",\"item\":\"https:\/\/david-g.com\/blog\/\"},{\"@type\":\"ListItem\",\"position\":2,\"name\":\"Fotograf\\u00eda art\\u00edstica: Gregory Crewdson y Jeff Wall\"}]},{\"@type\":\"Person\",\"@id\":\"https:\/\/david-g.com\/blog\/#\/schema\/person\/cabcc9001e2f1b6c5af01720b333aeed\",\"name\":\"david\",\"image\":{\"@type\":\"ImageObject\",\"@id\":\"https:\/\/david-g.com\/blog\/#personlogo\",\"inLanguage\":\"es\",\"url\":\"https:\/\/secure.gravatar.com\/avatar\/be394461f62a4ab13501919c2488ab57?s=96&d=mm&r=g\",\"contentUrl\":\"https:\/\/secure.gravatar.com\/avatar\/be394461f62a4ab13501919c2488ab57?s=96&d=mm&r=g\",\"caption\":\"david\"},\"url\":\"https:\/\/david-g.com\/blog\/author\/gael\/\"}]}<\/script>\n<!-- \/ Yoast SEO plugin. -->","_links":{"self":[{"href":"https:\/\/david-g.com\/blog\/wp-json\/wp\/v2\/posts\/168"}],"collection":[{"href":"https:\/\/david-g.com\/blog\/wp-json\/wp\/v2\/posts"}],"about":[{"href":"https:\/\/david-g.com\/blog\/wp-json\/wp\/v2\/types\/post"}],"author":[{"embeddable":true,"href":"https:\/\/david-g.com\/blog\/wp-json\/wp\/v2\/users\/1"}],"replies":[{"embeddable":true,"href":"https:\/\/david-g.com\/blog\/wp-json\/wp\/v2\/comments?post=168"}],"version-history":[{"count":10,"href":"https:\/\/david-g.com\/blog\/wp-json\/wp\/v2\/posts\/168\/revisions"}],"predecessor-version":[{"id":553,"href":"https:\/\/david-g.com\/blog\/wp-json\/wp\/v2\/posts\/168\/revisions\/553"}],"wp:featuredmedia":[{"embeddable":true,"href":"https:\/\/david-g.com\/blog\/wp-json\/wp\/v2\/media\/169"}],"wp:attachment":[{"href":"https:\/\/david-g.com\/blog\/wp-json\/wp\/v2\/media?parent=168"}],"wp:term":[{"taxonomy":"category","embeddable":true,"href":"https:\/\/david-g.com\/blog\/wp-json\/wp\/v2\/categories?post=168"},{"taxonomy":"post_tag","embeddable":true,"href":"https:\/\/david-g.com\/blog\/wp-json\/wp\/v2\/tags?post=168"}],"curies":[{"name":"wp","href":"https:\/\/api.w.org\/{rel}","templated":true}]}}